{"id":966,"date":"2015-03-16T12:11:35","date_gmt":"2015-03-16T11:11:35","guid":{"rendered":"http:\/\/www.kassape-sanson.com\/actualite\/?p=966"},"modified":"2015-05-04T09:15:33","modified_gmt":"2015-05-04T08:15:33","slug":"deuxieme-cycle-des-grandes-marees-la-maree-du-siecle","status":"publish","type":"post","link":"https:\/\/www.kassape-sanson.com\/actualite\/2015\/03\/16\/deuxieme-cycle-des-grandes-marees-la-maree-du-siecle\/","title":{"rendered":"Deuxi\u00e8me cycle des grandes mar\u00e9es : La mar\u00e9e du si\u00e8cle !"},"content":{"rendered":"<h1><span style=\"color: #003366;\">D\u00e8s vendredi commencera le deuxi\u00e8me cycle des grandes mar\u00e9es de l&rsquo;ann\u00e9e !<\/span><\/h1>\n<h2><span style=\"color: #808080;\">Chaque jour \u00e0 l&rsquo;arriv\u00e9e du flot en Baie de Somme nous offrira un spectacle hors norme : et pour cause ce sera le plus gros coefficient de l&rsquo;ann\u00e9e avec pas moins de 119 !<\/span><\/h2>\n<h3><span style=\"color: #808080;\">Ne m&rsquo;en voulez donc pas si je ne reste pas dans mon atelier car, je profiterai de cet \u00e9v\u00e9nement pour aller, en famille, faire une tr\u00e8s belle promenade en Baie \u00e0 bord du<\/span> <span style=\"color: #003366;\"><strong>Commandant Charcot<\/strong><\/span> <span style=\"color: #808080;\">: deux heures pass\u00e9es sur l&rsquo;eau \u00e0 visiter les 3 ports de la Baie comme on ne peut que tr\u00e8s rarement le faire !<\/span><\/h3>\n<div id=\"attachment_976\" style=\"width: 650px\" class=\"wp-caption alignnone\"><a href=\"https:\/\/i0.wp.com\/www.kassape-sanson.com\/actualite\/wp-content\/uploads\/2015\/03\/DSC06760.jpg\"><img data-recalc-dims=\"1\" loading=\"lazy\" decoding=\"async\" aria-describedby=\"caption-attachment-976\" class=\"wp-image-976 size-large\" src=\"https:\/\/i0.wp.com\/www.kassape-sanson.com\/actualite\/wp-content\/uploads\/2015\/03\/DSC06760-1024x483.jpg?resize=640%2C302\" alt=\"\" width=\"640\" height=\"302\" srcset=\"https:\/\/i0.wp.com\/www.kassape-sanson.com\/actualite\/wp-content\/uploads\/2015\/03\/DSC06760.jpg?resize=1024%2C483&amp;ssl=1 1024w, https:\/\/i0.wp.com\/www.kassape-sanson.com\/actualite\/wp-content\/uploads\/2015\/03\/DSC06760.jpg?resize=300%2C141&amp;ssl=1 300w, https:\/\/i0.wp.com\/www.kassape-sanson.com\/actualite\/wp-content\/uploads\/2015\/03\/DSC06760.jpg?resize=250%2C118&amp;ssl=1 250w, https:\/\/i0.wp.com\/www.kassape-sanson.com\/actualite\/wp-content\/uploads\/2015\/03\/DSC06760.jpg?resize=768%2C362&amp;ssl=1 768w, https:\/\/i0.wp.com\/www.kassape-sanson.com\/actualite\/wp-content\/uploads\/2015\/03\/DSC06760.jpg?resize=1536%2C724&amp;ssl=1 1536w, https:\/\/i0.wp.com\/www.kassape-sanson.com\/actualite\/wp-content\/uploads\/2015\/03\/DSC06760.jpg?resize=2048%2C966&amp;ssl=1 2048w, https:\/\/i0.wp.com\/www.kassape-sanson.com\/actualite\/wp-content\/uploads\/2015\/03\/DSC06760.jpg?w=2340&amp;ssl=1 2340w\" sizes=\"auto, (max-width: 640px) 100vw, 640px\" \/><\/a><p id=\"caption-attachment-976\" class=\"wp-caption-text\"><strong><span style=\"color: #003366;\">A bord du Commandant Charcot<\/span><\/strong><\/p><\/div>\n<h3><span style=\"color: #808080;\">Et j&rsquo;irai \u00e9galement voir le <span style=\"color: #003366;\"><strong>mascaret<\/strong> <\/span>: ces prochains jours seront certainement plus cl\u00e9ments qu&rsquo;en F\u00e9vrier dernier ;o) !!!<\/span><\/h3>\n<div id=\"attachment_982\" style=\"width: 160px\" class=\"wp-caption alignright\"><a href=\"https:\/\/i0.wp.com\/www.kassape-sanson.com\/actualite\/wp-content\/uploads\/2015\/03\/DSC06729.jpg\"><img data-recalc-dims=\"1\" loading=\"lazy\" decoding=\"async\" aria-describedby=\"caption-attachment-982\" class=\"wp-image-982 size-thumbnail\" src=\"https:\/\/i0.wp.com\/www.kassape-sanson.com\/actualite\/wp-content\/uploads\/2015\/03\/DSC06729-150x150.jpg?resize=150%2C150\" alt=\"SONY DSC\" width=\"150\" height=\"150\" \/><\/a><p id=\"caption-attachment-982\" class=\"wp-caption-text\">A bord du Commandant Charcot&#8230;<\/p><\/div>\n<div id=\"attachment_981\" style=\"width: 160px\" class=\"wp-caption alignleft\"><a href=\"https:\/\/i0.wp.com\/www.kassape-sanson.com\/actualite\/wp-content\/uploads\/2015\/03\/DSC06724-2.jpg\"><img data-recalc-dims=\"1\" loading=\"lazy\" decoding=\"async\" aria-describedby=\"caption-attachment-981\" class=\"wp-image-981 size-thumbnail\" src=\"https:\/\/i0.wp.com\/www.kassape-sanson.com\/actualite\/wp-content\/uploads\/2015\/03\/DSC06724-2-150x150.jpg?resize=150%2C150\" alt=\"\" width=\"150\" height=\"150\" \/><\/a><p id=\"caption-attachment-981\" class=\"wp-caption-text\">Mascaret en F\u00e9vrier 2015<\/p><\/div>\n<div id=\"attachment_984\" style=\"width: 160px\" class=\"wp-caption alignleft\"><a href=\"https:\/\/i0.wp.com\/www.kassape-sanson.com\/actualite\/wp-content\/uploads\/2015\/03\/DSC06765.jpg\"><img data-recalc-dims=\"1\" loading=\"lazy\" decoding=\"async\" aria-describedby=\"caption-attachment-984\" class=\"wp-image-984 size-thumbnail\" src=\"https:\/\/i0.wp.com\/www.kassape-sanson.com\/actualite\/wp-content\/uploads\/2015\/03\/DSC06765-150x150.jpg?resize=150%2C150\" alt=\"SONY DSC\" width=\"150\" height=\"150\" \/><\/a><p id=\"caption-attachment-984\" class=\"wp-caption-text\">La digue du feu babord \u00e0 Saint-Valery<\/p><\/div>\n","protected":false},"excerpt":{"rendered":"<p>D\u00e8s vendredi commencera le deuxi\u00e8me cycle des grandes mar\u00e9es de l&rsquo;ann\u00e9e ! Chaque jour \u00e0 l&rsquo;arriv\u00e9e du flot en Baie de Somme nous offrira un spectacle hors norme : et pour cause ce sera le plus gros coefficient de l&rsquo;ann\u00e9e avec pas moins de 119 ! Ne m&rsquo;en voulez donc pas si je ne reste [&hellip;]<\/p>\n","protected":false},"author":1,"featured_media":0,"comment_status":"closed","ping_status":"open","sticky":false,"template":"","format":"standard","meta":{"_seopress_robots_primary_cat":"","_seopress_titles_title":"","_seopress_titles_desc":"","_seopress_robots_index":"","_jetpack_memberships_contains_paid_content":false,"footnotes":""},"categories":[11],"tags":[],"class_list":["post-966","post","type-post","status-publish","format-standard","hentry","category-evenement-en-baie-de-somme"],"jetpack_featured_media_url":"","jetpack_sharing_enabled":true,"_links":{"self":[{"href":"https:\/\/www.kassape-sanson.com\/actualite\/wp-json\/wp\/v2\/posts\/966","targetHints":{"allow":["GET"]}}],"collection":[{"href":"https:\/\/www.kassape-sanson.com\/actualite\/wp-json\/wp\/v2\/posts"}],"about":[{"href":"https:\/\/www.kassape-sanson.com\/actualite\/wp-json\/wp\/v2\/types\/post"}],"author":[{"embeddable":true,"href":"https:\/\/www.kassape-sanson.com\/actualite\/wp-json\/wp\/v2\/users\/1"}],"replies":[{"embeddable":true,"href":"https:\/\/www.kassape-sanson.com\/actualite\/wp-json\/wp\/v2\/comments?post=966"}],"version-history":[{"count":15,"href":"https:\/\/www.kassape-sanson.com\/actualite\/wp-json\/wp\/v2\/posts\/966\/revisions"}],"predecessor-version":[{"id":985,"href":"https:\/\/www.kassape-sanson.com\/actualite\/wp-json\/wp\/v2\/posts\/966\/revisions\/985"}],"wp:attachment":[{"href":"https:\/\/www.kassape-sanson.com\/actualite\/wp-json\/wp\/v2\/media?parent=966"}],"wp:term":[{"taxonomy":"category","embeddable":true,"href":"https:\/\/www.kassape-sanson.com\/actualite\/wp-json\/wp\/v2\/categories?post=966"},{"taxonomy":"post_tag","embeddable":true,"href":"https:\/\/www.kassape-sanson.com\/actualite\/wp-json\/wp\/v2\/tags?post=966"}],"curies":[{"name":"wp","href":"https:\/\/api.w.org\/{rel}","templated":true}]}}