{"id":2424,"date":"2018-06-28T10:20:47","date_gmt":"2018-06-28T09:20:47","guid":{"rendered":"http:\/\/www.kassape-sanson.com\/actualite\/?p=2424"},"modified":"2018-07-05T13:58:45","modified_gmt":"2018-07-05T12:58:45","slug":"pour-eviter-les-coups-de-soleil-%f0%9f%8c%9e-venez-a-la-mediatheque-de-mers-les-bains","status":"publish","type":"post","link":"https:\/\/www.kassape-sanson.com\/actualite\/2018\/06\/28\/pour-eviter-les-coups-de-soleil-%f0%9f%8c%9e-venez-a-la-mediatheque-de-mers-les-bains\/","title":{"rendered":"Pour \u00e9viter les coups de soleil &#x1f31e; venez \u00e0 la M\u00e9diath\u00e8que de Mers-les-Bains !"},"content":{"rendered":"<h1 style=\"text-align: center;\"><span style=\"color: #2f7294;\">Je vous accueillerai\u00a0 :<\/span><\/h1>\n<h2 style=\"text-align: center;\"><span style=\"color: #2f7294;\"><strong>Jeudi 28<\/strong> de 15:00 \u00e0 17:30<\/span><br \/>\n<span style=\"color: #2f7294;\"><strong>Vendredi 29<\/strong> de 15:00 \u00e0 17:30 avec Zabeth et Pippa<\/span><br \/>\n<span style=\"color: #2f7294;\"><strong>Samedi 30<\/strong> de 15:00 \u00e0 18:00 avec Zabeth, Pippa et Jean-Michel<\/span><\/h2>\n<p style=\"text-align: center;\"><img data-recalc-dims=\"1\" loading=\"lazy\" decoding=\"async\" class=\"alignnone size-medium wp-image-2411\" src=\"https:\/\/i0.wp.com\/www.kassape-sanson.com\/actualite\/wp-content\/uploads\/2018\/06\/7-229x300.jpg?resize=229%2C300\" alt=\"\" width=\"229\" height=\"300\" srcset=\"https:\/\/i0.wp.com\/www.kassape-sanson.com\/actualite\/wp-content\/uploads\/2018\/06\/7.jpg?resize=229%2C300&amp;ssl=1 229w, https:\/\/i0.wp.com\/www.kassape-sanson.com\/actualite\/wp-content\/uploads\/2018\/06\/7.jpg?resize=781%2C1024&amp;ssl=1 781w, https:\/\/i0.wp.com\/www.kassape-sanson.com\/actualite\/wp-content\/uploads\/2018\/06\/7.jpg?resize=152%2C200&amp;ssl=1 152w, https:\/\/i0.wp.com\/www.kassape-sanson.com\/actualite\/wp-content\/uploads\/2018\/06\/7.jpg?resize=768%2C1007&amp;ssl=1 768w, https:\/\/i0.wp.com\/www.kassape-sanson.com\/actualite\/wp-content\/uploads\/2018\/06\/7.jpg?resize=1171%2C1536&amp;ssl=1 1171w, https:\/\/i0.wp.com\/www.kassape-sanson.com\/actualite\/wp-content\/uploads\/2018\/06\/7.jpg?w=1351&amp;ssl=1 1351w\" sizes=\"auto, (max-width: 229px) 100vw, 229px\" \/> <img data-recalc-dims=\"1\" loading=\"lazy\" decoding=\"async\" class=\"alignnone size-medium wp-image-2405\" src=\"https:\/\/i0.wp.com\/www.kassape-sanson.com\/actualite\/wp-content\/uploads\/2018\/06\/1-268x300.jpg?resize=268%2C300\" alt=\"\" width=\"268\" height=\"300\" srcset=\"https:\/\/i0.wp.com\/www.kassape-sanson.com\/actualite\/wp-content\/uploads\/2018\/06\/1.jpg?resize=268%2C300&amp;ssl=1 268w, https:\/\/i0.wp.com\/www.kassape-sanson.com\/actualite\/wp-content\/uploads\/2018\/06\/1.jpg?resize=915%2C1024&amp;ssl=1 915w, https:\/\/i0.wp.com\/www.kassape-sanson.com\/actualite\/wp-content\/uploads\/2018\/06\/1.jpg?resize=179%2C200&amp;ssl=1 179w, https:\/\/i0.wp.com\/www.kassape-sanson.com\/actualite\/wp-content\/uploads\/2018\/06\/1.jpg?resize=768%2C859&amp;ssl=1 768w, https:\/\/i0.wp.com\/www.kassape-sanson.com\/actualite\/wp-content\/uploads\/2018\/06\/1.jpg?resize=1373%2C1536&amp;ssl=1 1373w, https:\/\/i0.wp.com\/www.kassape-sanson.com\/actualite\/wp-content\/uploads\/2018\/06\/1.jpg?w=1584&amp;ssl=1 1584w\" sizes=\"auto, (max-width: 268px) 100vw, 268px\" \/><\/p>\n<h2 style=\"text-align: center;\"><span style=\"color: #2f7294;\"><strong>Dimanche 1er Juillet :<\/strong> <\/span><br \/>\n<span style=\"color: #2f7294;\">ouverture de 10:30 \u00e0 17:00 en pr\u00e9sence des 6 artistes<\/span><br \/>\n<span style=\"color: #2f7294;\"><strong>Fin de l&rsquo;Expo \u00e0 17:00<\/strong><\/span><\/h2>\n<p style=\"text-align: center;\"><em>M\u00e9diath\u00e8que de Mers-les-Bains &#8211; Espace Pr\u00e9vert<\/em><br \/>\n<em>4, rue Paul Doumer (entre l&rsquo;Office du Tourisme et les cin\u00e9mas)<\/em><\/p>\n","protected":false},"excerpt":{"rendered":"<p>Je vous accueillerai\u00a0 : Jeudi 28 de 15:00 \u00e0 17:30 Vendredi 29 de 15:00 \u00e0 17:30 avec Zabeth et Pippa Samedi 30 de 15:00 \u00e0 18:00 avec Zabeth, Pippa et Jean-Michel Dimanche 1er Juillet : ouverture de 10:30 \u00e0 17:00 en pr\u00e9sence des 6 artistes Fin de l&rsquo;Expo \u00e0 17:00 M\u00e9diath\u00e8que de Mers-les-Bains &#8211; Espace [&hellip;]<\/p>\n","protected":false},"author":1,"featured_media":0,"comment_status":"closed","ping_status":"open","sticky":false,"template":"","format":"standard","meta":{"_seopress_robots_primary_cat":"","_seopress_titles_title":"","_seopress_titles_desc":"","_seopress_robots_index":"","_jetpack_memberships_contains_paid_content":false,"footnotes":""},"categories":[10,11,9,13],"tags":[],"class_list":["post-2424","post","type-post","status-publish","format-standard","hentry","category-actis","category-evenement-en-baie-de-somme","category-expo","category-kassape-sanson-baie-de-somme"],"jetpack_featured_media_url":"","jetpack_sharing_enabled":true,"_links":{"self":[{"href":"https:\/\/www.kassape-sanson.com\/actualite\/wp-json\/wp\/v2\/posts\/2424","targetHints":{"allow":["GET"]}}],"collection":[{"href":"https:\/\/www.kassape-sanson.com\/actualite\/wp-json\/wp\/v2\/posts"}],"about":[{"href":"https:\/\/www.kassape-sanson.com\/actualite\/wp-json\/wp\/v2\/types\/post"}],"author":[{"embeddable":true,"href":"https:\/\/www.kassape-sanson.com\/actualite\/wp-json\/wp\/v2\/users\/1"}],"replies":[{"embeddable":true,"href":"https:\/\/www.kassape-sanson.com\/actualite\/wp-json\/wp\/v2\/comments?post=2424"}],"version-history":[{"count":8,"href":"https:\/\/www.kassape-sanson.com\/actualite\/wp-json\/wp\/v2\/posts\/2424\/revisions"}],"predecessor-version":[{"id":2432,"href":"https:\/\/www.kassape-sanson.com\/actualite\/wp-json\/wp\/v2\/posts\/2424\/revisions\/2432"}],"wp:attachment":[{"href":"https:\/\/www.kassape-sanson.com\/actualite\/wp-json\/wp\/v2\/media?parent=2424"}],"wp:term":[{"taxonomy":"category","embeddable":true,"href":"https:\/\/www.kassape-sanson.com\/actualite\/wp-json\/wp\/v2\/categories?post=2424"},{"taxonomy":"post_tag","embeddable":true,"href":"https:\/\/www.kassape-sanson.com\/actualite\/wp-json\/wp\/v2\/tags?post=2424"}],"curies":[{"name":"wp","href":"https:\/\/api.w.org\/{rel}","templated":true}]}}