{"id":1690,"date":"2016-11-28T17:22:53","date_gmt":"2016-11-28T16:22:53","guid":{"rendered":"http:\/\/www.kassape-sanson.com\/actualite\/?p=1690"},"modified":"2016-11-30T18:09:32","modified_gmt":"2016-11-30T17:09:32","slug":"derniere-grande-exposition-de-lannee-2016","status":"publish","type":"post","link":"https:\/\/www.kassape-sanson.com\/actualite\/2016\/11\/28\/derniere-grande-exposition-de-lannee-2016\/","title":{"rendered":"Derni\u00e8re grande Exposition de l&rsquo;ann\u00e9e 2016"},"content":{"rendered":"<h2 style=\"text-align: center;\"><span style=\"color: #414759;\">Rendez-vous au Tribunal de Commerce de Saint-Valery<br \/>\ndu <strong>16<\/strong> au <strong>21<\/strong> D\u00e9cembre !<\/span><\/h2>\n<h3 style=\"text-align: center;\"><span style=\"color: #808080;\">Les exposants seront heureux de vous recevoir lors du <strong>vernissage<\/strong><\/span><\/h3>\n<div class=\"text_exposed_show\">\n<h3><img data-recalc-dims=\"1\" loading=\"lazy\" decoding=\"async\" class=\"alignnone size-large wp-image-1691\" src=\"https:\/\/i0.wp.com\/www.kassape-sanson.com\/actualite\/wp-content\/uploads\/2016\/11\/INVITATION-D%C3%A9cembre-699x1024.jpg?resize=640%2C938\" alt=\"\" width=\"640\" height=\"938\" srcset=\"https:\/\/i0.wp.com\/www.kassape-sanson.com\/actualite\/wp-content\/uploads\/2016\/11\/INVITATION-D%C3%A9cembre.jpg?resize=699%2C1024&amp;ssl=1 699w, https:\/\/i0.wp.com\/www.kassape-sanson.com\/actualite\/wp-content\/uploads\/2016\/11\/INVITATION-D%C3%A9cembre.jpg?resize=205%2C300&amp;ssl=1 205w, https:\/\/i0.wp.com\/www.kassape-sanson.com\/actualite\/wp-content\/uploads\/2016\/11\/INVITATION-D%C3%A9cembre.jpg?resize=137%2C200&amp;ssl=1 137w, https:\/\/i0.wp.com\/www.kassape-sanson.com\/actualite\/wp-content\/uploads\/2016\/11\/INVITATION-D%C3%A9cembre.jpg?resize=768%2C1125&amp;ssl=1 768w, https:\/\/i0.wp.com\/www.kassape-sanson.com\/actualite\/wp-content\/uploads\/2016\/11\/INVITATION-D%C3%A9cembre.jpg?resize=1049%2C1536&amp;ssl=1 1049w, https:\/\/i0.wp.com\/www.kassape-sanson.com\/actualite\/wp-content\/uploads\/2016\/11\/INVITATION-D%C3%A9cembre.jpg?w=1210&amp;ssl=1 1210w\" sizes=\"auto, (max-width: 640px) 100vw, 640px\" \/><\/h3>\n<h3><span style=\"color: #4c6b45;\">Mise en sc\u00e8ne tr\u00e8s marine avec Fred Fallet et Olivier Petilleon.<\/span><\/h3>\n<h3><span style=\"color: #475570;\">EXPOSANTS :<\/span><\/h3>\n<h3><span style=\"color: #4c6b45;\">Agn\u00e8s Bourdon et ses <strong>mosa\u00efques<\/strong>,<\/span><br \/>\n<span style=\"color: #475570;\">Pippa Darbyshire et ses <strong>toiles<\/strong>,<\/span><br \/>\n<span style=\"color: #4c6b45;\">Elisa Freudenreich et ses <strong>terres-cuites<\/strong>,<\/span><br \/>\n<span style=\"color: #475570;\">Kassape Sanson et ses <strong>toiles<\/strong>,<\/span><br \/>\n<span style=\"color: #4c6b45;\">Yann Dupont et ses <strong>rakus<\/strong>,<\/span><br \/>\n<span style=\"color: #475570;\">Olivier Hernandez et ses <strong>photos<\/strong>,<\/span><br \/>\n<span style=\"color: #4c6b45;\">Daniel Houart et ses <strong>sculptures<\/strong>,<\/span><br \/>\n<span style=\"color: #475570;\">Pierre de Lavalette et ses <strong>lampes<\/strong><\/span><br \/>\n<span style=\"color: #4c6b45;\">Jean-Michel Lecat et ses <strong>sculptures<\/strong>,<\/span><br \/>\n<span style=\"color: #475570;\">Nicolas de Rainvillers et ses <strong>bestioles<\/strong>.<\/span><\/h3>\n<div class=\"text_exposed_show\">\n<h2><span style=\"color: #808080;\"><strong>Horaires<\/strong> : 10h 12h &#8211; 15h 19h<br \/>\n<strong>sauf dimanche 18<\/strong> : 10h 19h non stop<\/span><\/h2>\n<\/div>\n<\/div>\n","protected":false},"excerpt":{"rendered":"<p>Rendez-vous au Tribunal de Commerce de Saint-Valery du 16 au 21 D\u00e9cembre ! Les exposants seront heureux de vous recevoir lors du vernissage Mise en sc\u00e8ne tr\u00e8s marine avec Fred Fallet et Olivier Petilleon. EXPOSANTS : Agn\u00e8s Bourdon et ses mosa\u00efques, Pippa Darbyshire et ses toiles, Elisa Freudenreich et ses terres-cuites, Kassape Sanson et ses [&hellip;]<\/p>\n","protected":false},"author":1,"featured_media":0,"comment_status":"closed","ping_status":"open","sticky":false,"template":"","format":"standard","meta":{"_seopress_robots_primary_cat":"","_seopress_titles_title":"","_seopress_titles_desc":"","_seopress_robots_index":"","_jetpack_memberships_contains_paid_content":false,"footnotes":""},"categories":[11,9],"tags":[],"class_list":["post-1690","post","type-post","status-publish","format-standard","hentry","category-evenement-en-baie-de-somme","category-expo"],"jetpack_featured_media_url":"","jetpack_sharing_enabled":true,"_links":{"self":[{"href":"https:\/\/www.kassape-sanson.com\/actualite\/wp-json\/wp\/v2\/posts\/1690","targetHints":{"allow":["GET"]}}],"collection":[{"href":"https:\/\/www.kassape-sanson.com\/actualite\/wp-json\/wp\/v2\/posts"}],"about":[{"href":"https:\/\/www.kassape-sanson.com\/actualite\/wp-json\/wp\/v2\/types\/post"}],"author":[{"embeddable":true,"href":"https:\/\/www.kassape-sanson.com\/actualite\/wp-json\/wp\/v2\/users\/1"}],"replies":[{"embeddable":true,"href":"https:\/\/www.kassape-sanson.com\/actualite\/wp-json\/wp\/v2\/comments?post=1690"}],"version-history":[{"count":13,"href":"https:\/\/www.kassape-sanson.com\/actualite\/wp-json\/wp\/v2\/posts\/1690\/revisions"}],"predecessor-version":[{"id":1704,"href":"https:\/\/www.kassape-sanson.com\/actualite\/wp-json\/wp\/v2\/posts\/1690\/revisions\/1704"}],"wp:attachment":[{"href":"https:\/\/www.kassape-sanson.com\/actualite\/wp-json\/wp\/v2\/media?parent=1690"}],"wp:term":[{"taxonomy":"category","embeddable":true,"href":"https:\/\/www.kassape-sanson.com\/actualite\/wp-json\/wp\/v2\/categories?post=1690"},{"taxonomy":"post_tag","embeddable":true,"href":"https:\/\/www.kassape-sanson.com\/actualite\/wp-json\/wp\/v2\/tags?post=1690"}],"curies":[{"name":"wp","href":"https:\/\/api.w.org\/{rel}","templated":true}]}}